{"id":86,"date":"2020-01-20T09:31:41","date_gmt":"2020-01-20T09:31:41","guid":{"rendered":"http:\/\/demo.themegrill.com\/himalayas\/?p=86"},"modified":"2020-09-06T18:23:30","modified_gmt":"2020-09-06T18:23:30","slug":"estreno-enric-mestre-impronta-alboraya","status":"publish","type":"post","link":"https:\/\/www.vaprodcine.com\/index.php\/2020\/01\/20\/estreno-enric-mestre-impronta-alboraya\/","title":{"rendered":"Estreno de Enric Mestre, la impronta del paisaje en Alboraya"},"content":{"rendered":"<p>El documental \u00abEnric Mestre, la impronta del paisaje\u00bb (2020), coproducido por el Ayuntamiento de Alboraya fue estrenada en enero de este a\u00f1o en el Cine Agr\u00edcula de esta localidad de Valencia en un acto que cont\u00f3 con la asistencia del propio Mestre y que se convirti\u00f3 en un emotivo homenaje a este artista valenciano. El aforo se complet\u00f3 y tuvimos el provilegio de contar con el cr\u00edtico de arte Ram\u00f3n de la Calle para cerrar el acto.<\/p>\n\n\n<div style=\"height:40px\" aria-hidden=\"true\" class=\"wp-block-spacer\"><\/div>\n\n\n\n<figure class=\"wp-block-gallery columns-2 is-cropped wp-block-gallery-1 is-layout-flex wp-block-gallery-is-layout-flex\"><ul class=\"blocks-gallery-grid\"><li class=\"blocks-gallery-item\"><figure><img loading=\"lazy\" decoding=\"async\" width=\"900\" height=\"600\" src=\"https:\/\/www.vaprodcine.com\/wp-content\/uploads\/2020\/09\/alboraya1.jpg\" alt=\"\" data-id=\"530\" data-full-url=\"https:\/\/www.vaprodcine.com\/wp-content\/uploads\/2020\/09\/alboraya1.jpg\" data-link=\"https:\/\/www.vaprodcine.com\/index.php\/2015\/07\/21\/aliquam-luctus\/alboraya1\/\" class=\"wp-image-530\" srcset=\"https:\/\/www.vaprodcine.com\/wp-content\/uploads\/2020\/09\/alboraya1.jpg 900w, https:\/\/www.vaprodcine.com\/wp-content\/uploads\/2020\/09\/alboraya1-300x200.jpg 300w, https:\/\/www.vaprodcine.com\/wp-content\/uploads\/2020\/09\/alboraya1-768x512.jpg 768w\" sizes=\"auto, (max-width: 900px) 100vw, 900px\" \/><\/figure><\/li><li class=\"blocks-gallery-item\"><figure><img loading=\"lazy\" decoding=\"async\" width=\"900\" height=\"600\" src=\"https:\/\/www.vaprodcine.com\/wp-content\/uploads\/2020\/09\/alboraya2.jpg\" alt=\"\" data-id=\"531\" data-full-url=\"https:\/\/www.vaprodcine.com\/wp-content\/uploads\/2020\/09\/alboraya2.jpg\" data-link=\"https:\/\/www.vaprodcine.com\/index.php\/2015\/07\/21\/aliquam-luctus\/alboraya2\/\" class=\"wp-image-531\" srcset=\"https:\/\/www.vaprodcine.com\/wp-content\/uploads\/2020\/09\/alboraya2.jpg 900w, https:\/\/www.vaprodcine.com\/wp-content\/uploads\/2020\/09\/alboraya2-300x200.jpg 300w, https:\/\/www.vaprodcine.com\/wp-content\/uploads\/2020\/09\/alboraya2-768x512.jpg 768w\" sizes=\"auto, (max-width: 900px) 100vw, 900px\" \/><\/figure><\/li><\/ul><\/figure>\n\n\n\n<p><\/p>\n","protected":false},"excerpt":{"rendered":"<p>El documental \u00abEnric Mestre, la impronta del paisaje\u00bb (2020), coproducido por el Ayuntamiento de Alboraya fue estrenada en enero de este a\u00f1o en el Cine<\/p>\n","protected":false},"author":2,"featured_media":528,"comment_status":"closed","ping_status":"closed","sticky":false,"template":"","format":"standard","meta":{"footnotes":""},"categories":[9],"tags":[],"class_list":["post-86","post","type-post","status-publish","format-standard","has-post-thumbnail","hentry","category-actividad"],"_links":{"self":[{"href":"https:\/\/www.vaprodcine.com\/index.php\/wp-json\/wp\/v2\/posts\/86","targetHints":{"allow":["GET"]}}],"collection":[{"href":"https:\/\/www.vaprodcine.com\/index.php\/wp-json\/wp\/v2\/posts"}],"about":[{"href":"https:\/\/www.vaprodcine.com\/index.php\/wp-json\/wp\/v2\/types\/post"}],"author":[{"embeddable":true,"href":"https:\/\/www.vaprodcine.com\/index.php\/wp-json\/wp\/v2\/users\/2"}],"replies":[{"embeddable":true,"href":"https:\/\/www.vaprodcine.com\/index.php\/wp-json\/wp\/v2\/comments?post=86"}],"version-history":[{"count":3,"href":"https:\/\/www.vaprodcine.com\/index.php\/wp-json\/wp\/v2\/posts\/86\/revisions"}],"predecessor-version":[{"id":548,"href":"https:\/\/www.vaprodcine.com\/index.php\/wp-json\/wp\/v2\/posts\/86\/revisions\/548"}],"wp:featuredmedia":[{"embeddable":true,"href":"https:\/\/www.vaprodcine.com\/index.php\/wp-json\/wp\/v2\/media\/528"}],"wp:attachment":[{"href":"https:\/\/www.vaprodcine.com\/index.php\/wp-json\/wp\/v2\/media?parent=86"}],"wp:term":[{"taxonomy":"category","embeddable":true,"href":"https:\/\/www.vaprodcine.com\/index.php\/wp-json\/wp\/v2\/categories?post=86"},{"taxonomy":"post_tag","embeddable":true,"href":"https:\/\/www.vaprodcine.com\/index.php\/wp-json\/wp\/v2\/tags?post=86"}],"curies":[{"name":"wp","href":"https:\/\/api.w.org\/{rel}","templated":true}]}}